{"id":35,"date":"2020-03-13T13:38:37","date_gmt":"2020-03-13T13:38:37","guid":{"rendered":"http:\/\/vemdalen.nu\/?p=35"},"modified":"2020-03-13T14:02:32","modified_gmt":"2020-03-13T14:02:32","slug":"overraskade-pappa-med-en-varningsljusramp","status":"publish","type":"post","link":"http:\/\/vemdalen.nu\/?p=35","title":{"rendered":"\u00d6verraskade pappa med en varningsljusramp"},"content":{"rendered":"<p>Det finns ingen som min pappa: han \u00e4r min st\u00f6rsta hj\u00e4lte. Min pappa jobbar inom utryckning, och vad passade d\u00e5 b\u00e4ttre \u00e4n att han fick en <a href=\"http:\/\/blixtljusramp.nu\">varningsljusramp<\/a> till sin bil i f\u00f6delsedagspresent. Det \u00e4r n\u00e4mligen s\u00e5 att d\u00e4r vi bor f\u00e5r bl\u00e5ljuspersonal ofta ta sina personliga bilar till en utryckningsplats d\u00e5 stationerna inte \u00e4r bemannade dygnet runt. Detta kan man tycka vad man vill om, men det \u00e4r s\u00e5 det ser ut i mindre samh\u00e4llen.<\/p>\n<p>Han blev s\u00e5 himla glad n\u00e4r han \u00f6ppnade paketet. Han sa stolt att detta skulle f\u00f6rvandla hans gamla trotj\u00e4nare till en stolt blinkande livr\u00e4ddare, redo att ta sig an m\u00f6rka v\u00e4gar och \u00e4nnu m\u00f6rkare n\u00e4tter. Framf\u00f6rallt, sa han, att det skulle k\u00e4nnas s\u00e4krare att kunna ge sig ut och veta att andra verkligen s\u00e5g honom, och f\u00f6rst\u00e5 varf\u00f6r han hade s\u00e5 br\u00e5ttom att komma fram.<\/p>\n<h2>Jag k\u00f6pte honom ocks\u00e5 en ficklampa<\/h2>\n<p>Jag k\u00f6pte pappas blixtljusramp p\u00e5 n\u00e4tet och det gick b\u00e5de enkelt och smidigt. Jag tyckte det var ett pedagogiskt och stilrent uppl\u00e4gg f\u00f6r den som inte kan allt om fordonsbelysning. Men i\u00a0samma veva uppdaterade jag \u00e4ven hans f\u00f6r\u00e5ldrade <a href=\"http:\/\/www.ficklampan.nu\">ficklampa med lysdioder<\/a> som heter Fenix RC40 och lyser \u00f6ver 4000 lumen. Han har l\u00e4nge klagat p\u00e5 belysningen d\u00e5 han med j\u00e4mna mellanrum anv\u00e4nder ficklampan b\u00e5de i sitt yrke men ocks\u00e5 privat s\u00e5 nu \u00e4r pappa s\u00e4ker i m\u00f6rkret &#8211; b\u00e5de som min och samh\u00e4llets egna hj\u00e4lte. Fler borde uppskatta sina f\u00f6r\u00e4ldrar i dagens stressiga samh\u00e4lle. P\u00e5 bilden nedan ser du hur ficklampan som \u00e4r IP68-klassad ser ut, den \u00e4r lite klumpig men det lyser oerh\u00f6rt ljusstarkt.<\/p>\n<p><img decoding=\"async\" loading=\"lazy\" class=\"\" src=\"https:\/\/i.ytimg.com\/vi\/MLdbuMEwnuc\/maxresdefault.jpg\" alt=\"Image result for flashlight fenix rc 40\" width=\"856\" height=\"401\" \/><\/p>\n","protected":false},"excerpt":{"rendered":"<p>Det finns ingen som min pappa: han \u00e4r min st\u00f6rsta hj\u00e4lte. Min pappa jobbar inom utryckning, och vad passade d\u00e5 b\u00e4ttre \u00e4n att han fick en varningsljusramp till sin bil i f\u00f6delsedagspresent. Det \u00e4r n\u00e4mligen s\u00e5 att d\u00e4r vi bor f\u00e5r bl\u00e5ljuspersonal ofta ta sina personliga bilar till en utryckningsplats d\u00e5 stationerna inte \u00e4r bemannade [&hellip;]<\/p>\n","protected":false},"author":1,"featured_media":36,"comment_status":"closed","ping_status":"open","sticky":false,"template":"","format":"standard","meta":[],"categories":[5],"tags":[],"_links":{"self":[{"href":"http:\/\/vemdalen.nu\/index.php?rest_route=\/wp\/v2\/posts\/35"}],"collection":[{"href":"http:\/\/vemdalen.nu\/index.php?rest_route=\/wp\/v2\/posts"}],"about":[{"href":"http:\/\/vemdalen.nu\/index.php?rest_route=\/wp\/v2\/types\/post"}],"author":[{"embeddable":true,"href":"http:\/\/vemdalen.nu\/index.php?rest_route=\/wp\/v2\/users\/1"}],"replies":[{"embeddable":true,"href":"http:\/\/vemdalen.nu\/index.php?rest_route=%2Fwp%2Fv2%2Fcomments&post=35"}],"version-history":[{"count":6,"href":"http:\/\/vemdalen.nu\/index.php?rest_route=\/wp\/v2\/posts\/35\/revisions"}],"predecessor-version":[{"id":42,"href":"http:\/\/vemdalen.nu\/index.php?rest_route=\/wp\/v2\/posts\/35\/revisions\/42"}],"wp:featuredmedia":[{"embeddable":true,"href":"http:\/\/vemdalen.nu\/index.php?rest_route=\/wp\/v2\/media\/36"}],"wp:attachment":[{"href":"http:\/\/vemdalen.nu\/index.php?rest_route=%2Fwp%2Fv2%2Fmedia&parent=35"}],"wp:term":[{"taxonomy":"category","embeddable":true,"href":"http:\/\/vemdalen.nu\/index.php?rest_route=%2Fwp%2Fv2%2Fcategories&post=35"},{"taxonomy":"post_tag","embeddable":true,"href":"http:\/\/vemdalen.nu\/index.php?rest_route=%2Fwp%2Fv2%2Ftags&post=35"}],"curies":[{"name":"wp","href":"https:\/\/api.w.org\/{rel}","templated":true}]}}