{"id":32,"date":"2020-02-13T13:29:01","date_gmt":"2020-02-13T13:29:01","guid":{"rendered":"http:\/\/vemdalen.nu\/?p=32"},"modified":"2020-03-13T13:32:53","modified_gmt":"2020-03-13T13:32:53","slug":"nagot-som-langtar-tillbaka-till-vintern","status":"publish","type":"post","link":"http:\/\/vemdalen.nu\/?p=32","title":{"rendered":"N\u00e5got som l\u00e4ngtar tillbaka till Vintern?"},"content":{"rendered":"<p>Jag \u00e4r lite besviken \u00f6ver vintern som varit faktiskt, jag var och h\u00e4lsade p\u00e5 sl\u00e4ktingar i b\u00e5de G\u00f6teborg och Stockholm och d\u00e4r har dom inte ens haft n\u00e5gon sn\u00f6 alls f\u00f6rutom &#8221;bl\u00f6tsn\u00f6&#8221; n\u00e5gon enstaka dag. Jag satt och dr\u00f6mde mig bort p\u00e5 jobbet och blev invaggad i en vinterutopisk k\u00e4nsla n\u00e4r jag s\u00e5g videon om Kiruna. Bergen, folket, landskapet&#8230; jag fullkomligt \u00e4lskar det!<\/p>\n<p>F\u00f6r dig som bor i en storstad s\u00e5 kan jag s\u00e4ga att du inte vet vad du g\u00e5r miste om..<\/p>\n<p><iframe loading=\"lazy\" width=\"850\" height=\"478\" src=\"https:\/\/www.youtube.com\/embed\/REk1_3WbLt0?feature=oembed\" frameborder=\"0\" allow=\"accelerometer; autoplay; encrypted-media; gyroscope; picture-in-picture\" allowfullscreen><\/iframe><\/p>\n","protected":false},"excerpt":{"rendered":"<p>Jag \u00e4r lite besviken \u00f6ver vintern som varit faktiskt, jag var och h\u00e4lsade p\u00e5 sl\u00e4ktingar i b\u00e5de G\u00f6teborg och Stockholm och d\u00e4r har dom inte ens haft n\u00e5gon sn\u00f6 alls f\u00f6rutom &#8221;bl\u00f6tsn\u00f6&#8221; n\u00e5gon enstaka dag. Jag satt och dr\u00f6mde mig bort p\u00e5 jobbet och blev invaggad i en vinterutopisk k\u00e4nsla n\u00e4r jag s\u00e5g videon om [&hellip;]<\/p>\n","protected":false},"author":1,"featured_media":34,"comment_status":"closed","ping_status":"open","sticky":false,"template":"","format":"standard","meta":[],"categories":[5],"tags":[],"_links":{"self":[{"href":"http:\/\/vemdalen.nu\/index.php?rest_route=\/wp\/v2\/posts\/32"}],"collection":[{"href":"http:\/\/vemdalen.nu\/index.php?rest_route=\/wp\/v2\/posts"}],"about":[{"href":"http:\/\/vemdalen.nu\/index.php?rest_route=\/wp\/v2\/types\/post"}],"author":[{"embeddable":true,"href":"http:\/\/vemdalen.nu\/index.php?rest_route=\/wp\/v2\/users\/1"}],"replies":[{"embeddable":true,"href":"http:\/\/vemdalen.nu\/index.php?rest_route=%2Fwp%2Fv2%2Fcomments&post=32"}],"version-history":[{"count":1,"href":"http:\/\/vemdalen.nu\/index.php?rest_route=\/wp\/v2\/posts\/32\/revisions"}],"predecessor-version":[{"id":33,"href":"http:\/\/vemdalen.nu\/index.php?rest_route=\/wp\/v2\/posts\/32\/revisions\/33"}],"wp:featuredmedia":[{"embeddable":true,"href":"http:\/\/vemdalen.nu\/index.php?rest_route=\/wp\/v2\/media\/34"}],"wp:attachment":[{"href":"http:\/\/vemdalen.nu\/index.php?rest_route=%2Fwp%2Fv2%2Fmedia&parent=32"}],"wp:term":[{"taxonomy":"category","embeddable":true,"href":"http:\/\/vemdalen.nu\/index.php?rest_route=%2Fwp%2Fv2%2Fcategories&post=32"},{"taxonomy":"post_tag","embeddable":true,"href":"http:\/\/vemdalen.nu\/index.php?rest_route=%2Fwp%2Fv2%2Ftags&post=32"}],"curies":[{"name":"wp","href":"https:\/\/api.w.org\/{rel}","templated":true}]}}