{"id":20,"date":"2018-02-15T09:21:06","date_gmt":"2018-02-15T09:21:06","guid":{"rendered":"http:\/\/vemdalen.nu\/?p=20"},"modified":"2018-02-15T09:21:29","modified_gmt":"2018-02-15T09:21:29","slug":"tank-pa-detta-nar-du-kor-i-vintermorkret","status":"publish","type":"post","link":"http:\/\/vemdalen.nu\/?p=20","title":{"rendered":"T\u00e4nk p\u00e5 detta n\u00e4r du k\u00f6r i vinterm\u00f6rkret"},"content":{"rendered":"<p>Vi \u00e4r m\u00e5nga som v\u00e4ntat p\u00e5 den h\u00e4rliga sportlovsveckan, b\u00e5de stora som sm\u00e5. Att \u00e4ntligen kunna \u00e5ka skidor och k\u00e4nna sig fri som en f\u00e5gel bland bergen \u00e4r f\u00e5 f\u00f6runnat. Det \u00e4r viktigt att planera resan ordentligt innan det \u00e4r dags f\u00f6r avf\u00e5rd, speciellt om man t\u00e4nkt k\u00f6ra bil en l\u00e4ngre str\u00e4cka. \u00c4ven om alla bilf\u00f6rare redan bytt till vinterd\u00e4ck f\u00f6r l\u00e4nge sedan s\u00e5 finns det fler saker att t\u00e4nka p\u00e5 n\u00e4r det g\u00e4ller s\u00e4kerheten. Att k\u00f6ra i vinterm\u00f6rker \u00e4r inte n\u00e5got man b\u00f6r underskatta, och d\u00e4rf\u00f6r \u00e4r det viktigt att man har god sikt och bra belysning under f\u00e4rden.<\/p>\n<h2>Extraljus \u00f6kar sikten p\u00e5 v\u00e4garna<\/h2>\n<p>Det finns m\u00e5nga extraljus modeller att v\u00e4lja bland och det kan vara sv\u00e5rt att avg\u00f6ra vilken lampa som passar ens \u00e4ndam\u00e5l. Det \u00e4r viktigt att lampans egenskaper \u00e4r anpassade f\u00f6r bilv\u00e4garna du ofta k\u00f6r l\u00e4ngs. Det finns b\u00e5de led extraljus som lyser l\u00e5ngt och smalt samt de som ger mindre r\u00e4ckvidd men ist\u00e4llet mer ljus p\u00e5 bredden. En del f\u00f6rare f\u00f6redrar <strong><a href=\"https:\/\/ljusgiganten.se\/led-extraljus\">billiga extraljus<\/a><\/strong>\u00a0som kanske inte har samma byggkvalitet som de dyrare lamporna men \u00e4nd\u00e5 ger en fullgod prestanda i slut\u00e4ndan. Det som \u00e4r viktigt att veta n\u00e4r det kommer till ljusbilden \u00e4r att\u00a0&#8221;combo&#8221; \u00e4r en ljusbild som kombinerar floodljus och spotljus.<\/p>\n<h2>Montera en LED ljusramp enkelt och smidigt<\/h2>\n<p>Det finns de bilister som har sv\u00e5rt att anamma extraljus p\u00e5 grund av dess klumpiga utseende. D\u00e4rf\u00f6r kan det ist\u00e4llet vara bra att montera en <strong><a href=\"https:\/\/ljusgiganten.se\/led-ljusramp\">led ljusramp<\/a><\/strong> till ungef\u00e4r samma pris utan att beh\u00f6va oroa sig f\u00f6r hur det kommer att se ut. En led ljusramp \u00e4r betydligt l\u00e4ttare att montera vid nummerskylten och \u00e4r p\u00e5 s\u00e5 s\u00e4tt ett snyggare alternativ. Man kan \u00e4ven &#8221;g\u00f6mma&#8221; led ljusrampen bakom grillen om man s\u00e5 \u00f6nskar, men detta fungerar inte p\u00e5 alla bilar.<\/p>\n","protected":false},"excerpt":{"rendered":"<p>Vi \u00e4r m\u00e5nga som v\u00e4ntat p\u00e5 den h\u00e4rliga sportlovsveckan, b\u00e5de stora som sm\u00e5. Att \u00e4ntligen kunna \u00e5ka skidor och k\u00e4nna sig fri som en f\u00e5gel bland bergen \u00e4r f\u00e5 f\u00f6runnat. Det \u00e4r viktigt att planera resan ordentligt innan det \u00e4r dags f\u00f6r avf\u00e5rd, speciellt om man t\u00e4nkt k\u00f6ra bil en l\u00e4ngre str\u00e4cka. \u00c4ven om alla [&hellip;]<\/p>\n","protected":false},"author":1,"featured_media":21,"comment_status":"open","ping_status":"open","sticky":false,"template":"","format":"standard","meta":[],"categories":[3],"tags":[],"_links":{"self":[{"href":"http:\/\/vemdalen.nu\/index.php?rest_route=\/wp\/v2\/posts\/20"}],"collection":[{"href":"http:\/\/vemdalen.nu\/index.php?rest_route=\/wp\/v2\/posts"}],"about":[{"href":"http:\/\/vemdalen.nu\/index.php?rest_route=\/wp\/v2\/types\/post"}],"author":[{"embeddable":true,"href":"http:\/\/vemdalen.nu\/index.php?rest_route=\/wp\/v2\/users\/1"}],"replies":[{"embeddable":true,"href":"http:\/\/vemdalen.nu\/index.php?rest_route=%2Fwp%2Fv2%2Fcomments&post=20"}],"version-history":[{"count":2,"href":"http:\/\/vemdalen.nu\/index.php?rest_route=\/wp\/v2\/posts\/20\/revisions"}],"predecessor-version":[{"id":23,"href":"http:\/\/vemdalen.nu\/index.php?rest_route=\/wp\/v2\/posts\/20\/revisions\/23"}],"wp:featuredmedia":[{"embeddable":true,"href":"http:\/\/vemdalen.nu\/index.php?rest_route=\/wp\/v2\/media\/21"}],"wp:attachment":[{"href":"http:\/\/vemdalen.nu\/index.php?rest_route=%2Fwp%2Fv2%2Fmedia&parent=20"}],"wp:term":[{"taxonomy":"category","embeddable":true,"href":"http:\/\/vemdalen.nu\/index.php?rest_route=%2Fwp%2Fv2%2Fcategories&post=20"},{"taxonomy":"post_tag","embeddable":true,"href":"http:\/\/vemdalen.nu\/index.php?rest_route=%2Fwp%2Fv2%2Ftags&post=20"}],"curies":[{"name":"wp","href":"https:\/\/api.w.org\/{rel}","templated":true}]}}