{"id":11,"date":"2018-02-15T08:16:22","date_gmt":"2018-02-15T08:16:22","guid":{"rendered":"http:\/\/vemdalen.nu\/?p=11"},"modified":"2018-03-19T12:39:39","modified_gmt":"2018-03-19T12:39:39","slug":"vinterbloggen-ar-lanserad","status":"publish","type":"post","link":"http:\/\/vemdalen.nu\/?p=11","title":{"rendered":"Vinterbloggen \u00e4r lanserad!"},"content":{"rendered":"<p>Vinterbloggen \u00e4r en sida som kommer att handla om den svenska vintern, vi kommer att skriva en del om vintersport, roliga vinteraktiviteter och annat sm\u00e5tt och gott. Ni kan h\u00f6ra av er till oss om det \u00e4r n\u00e5got specifikt som ni \u00f6nskar att vi skriver om, dock \u00e4r tiden begr\u00e4nsad s\u00e5 d\u00e4rf\u00f6r kommer vi inte att kunna vara alla till lags. \u00c4ven om vi nu g\u00e5r mot ljusare tider s\u00e5 beh\u00f6ver detta inte betyda att vi som \u00e4lskar vintern inte kan ta del av vintern i digital form f\u00f6rst\u00e5s, inte sant?<\/p>\n<p>F\u00f6r alla h\u00e4r som bes\u00f6kt denna sajt i hopp om att \u00e5ka skidor eller sn\u00f6skoter s\u00e5 vill jag po\u00e4ngtera att informationsportalen Vemdalen har bytt adress till <strong><a href=\"https:\/\/www.vemdalen.se\">Vemdalen.se<\/a><\/strong>.<\/p>\n<p>&nbsp;<\/p>\n<h2>Vi har nu bytt webbhotell<\/h2>\n<p>Vi uts\u00e5g Egensajt som ansvarig f\u00f6r driften av denna blogg mycket p\u00e5 grund av deras goda kompetens. Egensajt utm\u00e4rker sig bland konkurrenterna genom att erbjuda en helhetsl\u00f6sning d\u00e4r deras kundtj\u00e4nst snabbt l\u00f6ser potentiella problem som kan uppst\u00e5 fr\u00e5n tomma intet. Egensajt erbjuder <a href=\"https:\/\/www.egensajt.se\/\">billiga webbhotell<\/a> som \u00e4r v\u00e4ldigt prisv\u00e4rda med tanke p\u00e5 vad man f\u00e5r f\u00f6r pengarna. Nu hoppas vi att sajten ligger upp dygnet runt utan n\u00e5gra tekniska problem.<\/p>\n","protected":false},"excerpt":{"rendered":"<p>Vinterbloggen \u00e4r en sida som kommer att handla om den svenska vintern, vi kommer att skriva en del om vintersport, roliga vinteraktiviteter och annat sm\u00e5tt och gott. Ni kan h\u00f6ra av er till oss om det \u00e4r n\u00e5got specifikt som ni \u00f6nskar att vi skriver om, dock \u00e4r tiden begr\u00e4nsad s\u00e5 d\u00e4rf\u00f6r kommer vi inte [&hellip;]<\/p>\n","protected":false},"author":1,"featured_media":7,"comment_status":"open","ping_status":"open","sticky":false,"template":"","format":"standard","meta":[],"categories":[3],"tags":[],"_links":{"self":[{"href":"http:\/\/vemdalen.nu\/index.php?rest_route=\/wp\/v2\/posts\/11"}],"collection":[{"href":"http:\/\/vemdalen.nu\/index.php?rest_route=\/wp\/v2\/posts"}],"about":[{"href":"http:\/\/vemdalen.nu\/index.php?rest_route=\/wp\/v2\/types\/post"}],"author":[{"embeddable":true,"href":"http:\/\/vemdalen.nu\/index.php?rest_route=\/wp\/v2\/users\/1"}],"replies":[{"embeddable":true,"href":"http:\/\/vemdalen.nu\/index.php?rest_route=%2Fwp%2Fv2%2Fcomments&post=11"}],"version-history":[{"count":7,"href":"http:\/\/vemdalen.nu\/index.php?rest_route=\/wp\/v2\/posts\/11\/revisions"}],"predecessor-version":[{"id":14,"href":"http:\/\/vemdalen.nu\/index.php?rest_route=\/wp\/v2\/posts\/11\/revisions\/14"}],"wp:featuredmedia":[{"embeddable":true,"href":"http:\/\/vemdalen.nu\/index.php?rest_route=\/wp\/v2\/media\/7"}],"wp:attachment":[{"href":"http:\/\/vemdalen.nu\/index.php?rest_route=%2Fwp%2Fv2%2Fmedia&parent=11"}],"wp:term":[{"taxonomy":"category","embeddable":true,"href":"http:\/\/vemdalen.nu\/index.php?rest_route=%2Fwp%2Fv2%2Fcategories&post=11"},{"taxonomy":"post_tag","embeddable":true,"href":"http:\/\/vemdalen.nu\/index.php?rest_route=%2Fwp%2Fv2%2Ftags&post=11"}],"curies":[{"name":"wp","href":"https:\/\/api.w.org\/{rel}","templated":true}]}}